{"id":1060,"date":"2025-02-04T11:41:30","date_gmt":"2025-02-04T10:41:30","guid":{"rendered":"https:\/\/www.railavenir.com\/?p=1060"},"modified":"2025-02-04T11:41:31","modified_gmt":"2025-02-04T10:41:31","slug":"capillaires-fret-une-renovation-indispensable-aux-flux-agricoles-en-champagne","status":"publish","type":"post","link":"https:\/\/www.railavenir.com\/index.php\/2025\/02\/04\/capillaires-fret-une-renovation-indispensable-aux-flux-agricoles-en-champagne\/","title":{"rendered":"Capillaires fret : une r\u00e9novation indispensable aux flux agricoles en Champagne"},"content":{"rendered":"\n<p><strong>Les coop\u00e9ratives agricoles t\u00e9moignent de leur implication pour p\u00e9renniser les lignes ferroviaires fret Coolus-Luy\u00e8res et Oiry-Esternay. Leur maintien a \u00e9t\u00e9 rendu possible gr\u00e2ce \u00e0 un important financement public et \u00e0 la mobilisation des chargeurs.<\/strong><\/p>\n\n\n\n<p>21 juin 2024<\/p>\n\n\n\n<p><strong>Le Grand Est est la premi\u00e8re r\u00e9gion fran\u00e7aise pour la surface cultiv\u00e9e d\u00e9di\u00e9e aux c\u00e9r\u00e9ales<\/strong>&nbsp;: il repr\u00e9sente \u00e0 lui seul <strong>15&nbsp;% du total national<\/strong>. Avec 1,4&nbsp;millions d\u2019hectares en&nbsp;2021, c\u2019est <strong>pr\u00e8s d\u2019un hectare sur 4<\/strong> du territoire r\u00e9gional (24&nbsp;% de 57&nbsp;433&nbsp;km\u00b2) qui est consacr\u00e9 \u00e0 la culture de c\u00e9r\u00e9ales. Le bl\u00e9 en repr\u00e9sente \u00e0 lui seul environ la moiti\u00e9 (53&nbsp;%). Le Grand Est, avec 5,5&nbsp;millions de tonnes, est la <strong>2<\/strong><strong><sup>e<\/sup><\/strong><strong> r\u00e9gion productrice de bl\u00e9<\/strong> au niveau fran\u00e7ais (15&nbsp;%), juste derri\u00e8re les Hauts-de-France.&nbsp;La <strong>Champagne-Ardenne<\/strong> repr\u00e9sente \u00e0 elle seule environ <strong>60&nbsp;%<\/strong> de la production de bl\u00e9 de la r\u00e9gion. <a href=\"https:\/\/draaf.grand-est.agriculture.gouv.fr\/series-cereales-oleagineux-et-proteagineux-cop-et-production-de-pailles-a222.html\"><strong><em>(Source&nbsp;: Agreste, Minist\u00e8re de l\u2019agriculture)<\/em><\/strong><\/a><\/p>\n\n\n\n<p>Les c\u00e9r\u00e9ales \u2013 et, en particulier, le bl\u00e9 \u2013 produites en Grand Est sont tr\u00e8s largement consomm\u00e9es en dehors de la r\u00e9gion et notamment \u00e0 l\u2019international. Ainsi, <strong>pr\u00e8s d\u2019un tiers du bl\u00e9 produit en France est export\u00e9 en dehors de l\u2019Union europ\u00e9enne<\/strong> et pr\u00e8s d\u2019un cinqui\u00e8me du bl\u00e9 est \u00e0 destination d\u2019un autre pays de l\u2019UE que la France.<\/p>\n\n\n\n<p>Chaque ann\u00e9e, ce sont donc des centaines de milliers de tonnes de bl\u00e9 qu\u2019il faut transporter vers les ports maritimes \u2013 et notamment celui de Rouen \u2013 afin de pouvoir les exporter vers les pays consommateurs, tels l\u2019Alg\u00e9rie ou le Maroc. Pour transporter de tels volumes, les modes massifi\u00e9s et, en particulier, le ferroviaire sont particuli\u00e8rement adapt\u00e9es.<\/p>\n\n\n\n<p>Or, le Grand Est dispose, par ailleurs, d\u2019un <strong>r\u00e9seau ferroviaire assez fortement ramifi\u00e9<\/strong>. C\u2019est notamment le cas dans la Marne et dans l\u2019Aube avec de <strong>longues lignes d\u00e9di\u00e9es au fret<\/strong> et desservant surtout des silos agricoles et des usines agro-alimentaires.<\/p>\n\n\n\n<p><strong>Coolus-Luy\u00e8res et Oiry-Esternay&nbsp;: deux lignes capillaires fret principalement consacr\u00e9es au transport de c\u00e9r\u00e9ales<\/strong><\/p>\n\n\n\n<p>Parmi les petites lignes ferroviaires d\u00e9di\u00e9es aux flux de marchandises, aussi appel\u00e9es \u00ab&nbsp;capillaires fret&nbsp;\u00bb, celle reliant <strong>Coolus<\/strong>, pr\u00e8s de Ch\u00e2lons-en-Champagne, \u00e0 <strong>Luy\u00e8res<\/strong>, pr\u00e8s de Troyes, est l\u2019une des plus utilis\u00e9es de la r\u00e9gion pour le transport de c\u00e9r\u00e9ales. Le mauvais \u00e9tat des <strong>89&nbsp;km lin\u00e9aires de voie<\/strong>, cependant, remettait en cause la p\u00e9rennit\u00e9 de son exploitation pour la desserte des silos qui sont implant\u00e9s le long de l\u2019itin\u00e9raire.<\/p>\n\n\n\n<p>Une autre ligne pr\u00e9sentait les m\u00eames caract\u00e9ristiques, avec des tonnages de c\u00e9r\u00e9ales transport\u00e9s l\u00e9g\u00e8rement inf\u00e9rieurs&nbsp;: celle, d\u2019une longueur de <strong>70&nbsp;km<\/strong>, reliant <strong>Oiry<\/strong>, pr\u00e8s d\u2019\u00c9pernay, \u00e0 <strong>Esternay<\/strong>, pr\u00e8s de S\u00e9zanne, dans le sud-ouest de la Marne. Celle-ci dessert \u00e9galement une importante sucrerie appartenant au groupe <a href=\"https:\/\/tereos.com\/fr\/\"><strong>Tereos<\/strong><\/a> \u00e0 Connantre.<\/p>\n\n\n\n<p><em>\u00ab&nbsp;En 2014, il y avait 12&nbsp;lignes capillaires fret en r\u00e9gion Champagne-Ardenne, dont 9&nbsp;concernaient des coop\u00e9ratives agricoles&nbsp;\u00bb<\/em>, rappelle Sylvain Hinschberger, pr\u00e9sident de <a href=\"https:\/\/www.lacooperationagricole.coop\/regions\/grand-est\"><strong>La Coop\u00e9ration Agricole Grand Est<\/strong><\/a>, f\u00e9d\u00e9ration qui regroupe 230&nbsp;coop\u00e9ratives agricoles de la r\u00e9gion. Exploitant agricole dans la Meuse et vice-pr\u00e9sident du groupe coop\u00e9ratif agricole <a href=\"https:\/\/www.vivescia.com\/\"><strong>Vivescia<\/strong><\/a>, bas\u00e9 \u00e0 Reims, il souligne que les lignes Coolus-Luy\u00e8res et Oiry-Esternay <em>\u00ab&nbsp;sont <\/em><strong><em>deux lignes embl\u00e9matiques des difficult\u00e9s du transport ferroviaire de c\u00e9r\u00e9ales<\/em><\/strong><em>, car ce sont celles de la r\u00e9gion qui pr\u00e9sentent le plus grand lin\u00e9aire ainsi que le plus grand nombre d\u2019embranch\u00e9s. Ce sont aussi les deux premi\u00e8res \u00e0 avoir \u00e9t\u00e9 menac\u00e9es de fermeture et, alors que d\u2019autres lignes ont \u00e9t\u00e9 abandonn\u00e9es, elles ont fait l\u2019objet de travaux et sont aujourd\u2019hui tenues \u00e0 bout de bras.&nbsp;\u00bb<\/em><\/p>\n\n\n\n<p><strong>Des travaux pour p\u00e9renniser les lignes pour 5 \u00e0 10 ans<\/strong><\/p>\n\n\n\n<p>Les coop\u00e9ratives agricoles de la r\u00e9gion se sont en effet mobilis\u00e9es, aux c\u00f4t\u00e9s des pouvoirs publics, pour \u00e9viter leur fermeture. <strong>En&nbsp;2017, un premier contrat conventionnel a \u00e9t\u00e9 sign\u00e9 entre les coop\u00e9ratives, les collectivit\u00e9s locales, la R\u00e9gion, l\u2019\u00c9tat et <\/strong><a href=\"https:\/\/www.sncf-reseau.com\/fr\/grand-est\"><strong>SNCF R\u00e9seau<\/strong><\/a><strong> pour investir 6&nbsp;millions d\u2019euros sur ces lignes sur une dur\u00e9e de cinq ans.<\/strong> Cette premi\u00e8re \u00e9tape appelait une poursuite de la remise en \u00e9tat et la question de nouveaux investissements s\u2019est \u00e0 nouveau pos\u00e9e en <strong>2022<\/strong>.<\/p>\n\n\n\n<p>Un nouvel accord a \u00e9t\u00e9 mis au point sous l\u2019\u00e9gide des pr\u00e9fets. La ligne <strong>Oiry-Esternay<\/strong> b\u00e9n\u00e9ficie d\u2019une tranche de travaux de pr\u00e8s de <strong>30&nbsp;millions d\u2019euros<\/strong> (engagement pour 5&nbsp;ans d\u2019extension d\u2019exploitation) et la ligne <strong>Coolus-Luy\u00e8res<\/strong> b\u00e9n\u00e9ficie d\u2019un programme de travaux en plusieurs tranches pour un budget total de pr\u00e8s de <strong>50&nbsp;millions d\u2019euros<\/strong> (engagement sur une dur\u00e9e de 10&nbsp;ans).<\/p>\n\n\n\n<p><em>\u00ab&nbsp;Les coop\u00e9ratives ont d\u00fb mener un gros travail de sensibilisation des collectivit\u00e9s, dont les financements sont indispensables \u00e0 la p\u00e9rennisation des lignes, SNCF R\u00e9seau n\u2019ayant plus les moyens de la prendre en charge&nbsp;\u00bb<\/em>, rappelle Sylvain Hinschberger.<\/p>\n\n\n\n<p>Dans le d\u00e9tail, les <strong>D\u00e9partements<\/strong> ont contribu\u00e9 \u00e0 pr\u00e8s de <strong>25&nbsp;%<\/strong> du financement des travaux, la <strong>R\u00e9gion 27,5&nbsp;%<\/strong> et <strong>l\u2019\u00c9tat<\/strong> \u00e0 hauteur de <strong>46&nbsp;%<\/strong>. Les travaux sont pr\u00e9vus entre 2024 et 2026, selon les parties de lignes.<\/p>\n\n\n\n<p><strong>Des conditions d\u2019exploitation difficiles<\/strong><\/p>\n\n\n\n<p><strong>La maintenance annuelle est financ\u00e9e par les embranch\u00e9s<\/strong> proportionnellement aux tonnages transport\u00e9s, avec, en outre, un engagement sur un seuil minimal annuel de financement en cas de faible trafic.<\/p>\n\n\n\n<p>Les coop\u00e9ratives doivent, par ailleurs, faire face \u00e0 des conditions d\u2019exploitation d\u00e9grad\u00e9es. La vitesse est, par exemple, actuellement limit\u00e9e \u00e0 <strong>30&nbsp;km\/h<\/strong>. De plus, sur chacune de ces lignes, il ne peut se trouver qu\u2019<strong>un unique train \u00e0 la fois<\/strong>&nbsp;: les r\u00e8gles de s\u00e9curit\u00e9 ferroviaire qui s\u2019y appliquent font que toute circulation y est interdite si un train est d\u00e9j\u00e0 pr\u00e9sent, m\u00eame en cours de chargement sur une voie secondaire. En&nbsp;\u00e9t\u00e9, la circulation peut tout simplement \u00eatre interrompue d\u00e8s que la temp\u00e9rature est trop \u00e9lev\u00e9e, car la chaleur provoque des dilatations excessives des rails. Cela peut se r\u00e9v\u00e9ler tr\u00e8s handicapant pour le transport des r\u00e9coltes apr\u00e8s la moisson.<\/p>\n\n\n\n<p><em>\u00ab&nbsp;Les conventions pass\u00e9es ont permis de stabiliser les trafics, ce qui est d\u00e9j\u00e0 une belle r\u00e9ussite<\/em>, estime Sylvain Hinschberger. <em>Mais la terrible lourdeur des contraintes d\u2019exploitation ne permet parfois pas aux chargeurs d\u2019atteindre les seuils fix\u00e9s. Mis \u00e0 part les entreprises dont les clients ne peuvent \u00eatre livr\u00e9s que par train, qui perdent dans ce cas des march\u00e9s, la solution la plus simple et la plus flexible, \u00e0 chaque annulation de sillon, est souvent de remettre des camions sur la route \u00e0 raison de <\/em><strong><em>45&nbsp;camions pour chaque train de 1&nbsp;300&nbsp;t annul\u00e9<\/em><\/strong>.&nbsp;\u00bb<\/p>\n\n\n\n<p><strong>Une stabilisation de la situation et un cadre \u00e0 consolider \u00e0 l\u2019avenir<\/strong><\/p>\n\n\n\n<p>Les travaux r\u00e9alis\u00e9s ont cependant permis de pr\u00e9server le fret ferroviaire pour les silos pr\u00e9sents le long de ces lignes. Ainsi, <strong>la ligne Coolus-Luy\u00e8res voit la circulation de pr\u00e8s de 350&nbsp;trains par an<\/strong> sur sa section la plus fr\u00e9quent\u00e9e (entre Coolus et Nuisement). Environ la moiti\u00e9 d\u2019entre eux vont jusqu\u2019\u00e0 Arcis-sur-Aube, tandis que la section finale jusqu\u2019\u00e0 Luy\u00e8res voit passer un peu moins de 100&nbsp;trains dans l\u2019ann\u00e9e. <strong>Quant \u00e0 la ligne Oiry-Esternay, avec cinq embranch\u00e9s, son trafic s\u2019\u00e9tablit \u00e0 environ 125&nbsp;trains par an en moyenne<\/strong> avec aussi, fort logiquement, un nombre de trains qui diminue \u00e0 mesure que l\u2019on s\u2019\u00e9loigne d\u2019Oiry.<\/p>\n\n\n\n<p>Les accords de financement actuels permettent une certaine visibilit\u00e9 de court et moyen terme. Les perspectives \u00e0 plus long terme restent actuellement encore \u00e0 \u00e9claircir et alimenteront les discussions en comit\u00e9 de ligne. Ces r\u00e9unions r\u00e9unissent r\u00e9guli\u00e8rement l\u2019ensemble des utilisateurs de la ligne et des partenaires contribuant au financement de la r\u00e9g\u00e9n\u00e9ration et de l\u2019entretien de la ligne. Le pr\u00e9sident de La&nbsp;Coop\u00e9ration Agricole Grand&nbsp;Est se montre <em>\u00ab&nbsp;favorable \u00e0 un financement par le chargeur&nbsp;\u00bb<\/em> mais pose la condition <em>\u00ab&nbsp;que le service soit au rendez-vous, ce qui n\u2019est pas le cas. Le financement a chang\u00e9, il faut aussi modifier la r\u00e9glementation applicable, sinon d\u2019autres lignes fermeront \u00e0 l\u2019avenir. Quant \u00e0 celles qui ont d\u00e9j\u00e0 ferm\u00e9, elles ne rouvriront pas<\/em>.&nbsp;\u00bb<\/p>\n","protected":false},"excerpt":{"rendered":"<p>Les coop\u00e9ratives agricoles t\u00e9moignent de leur implication pour p\u00e9renniser les lignes ferroviaires fret Coolus-Luy\u00e8res et Oiry-Esternay. Leur maintien a \u00e9t\u00e9<\/p>\n","protected":false},"author":1,"featured_media":1061,"comment_status":"closed","ping_status":"closed","sticky":false,"template":"","format":"chat","meta":{"footnotes":""},"categories":[1,21,10],"tags":[],"class_list":["post-1060","post","type-post","status-publish","format-chat","has-post-thumbnail","hentry","category-actu-chaudes","category-ils-en-parlent","category-la-sncf","post_format-post-format-chat"],"aioseo_notices":[],"yoast_head":"<!-- This site is optimized with the Yoast SEO plugin v24.8.1 - https:\/\/yoast.com\/wordpress\/plugins\/seo\/ -->\n<title>Capillaires fret : une r\u00e9novation indispensable aux flux agricoles en Champagne - Rail Avenir<\/title>\n<meta name=\"robots\" content=\"index, follow, max-snippet:-1, max-image-preview:large, max-video-preview:-1\" \/>\n<link rel=\"canonical\" href=\"https:\/\/www.railavenir.com\/index.php\/2025\/02\/04\/capillaires-fret-une-renovation-indispensable-aux-flux-agricoles-en-champagne\/\" \/>\n<meta property=\"og:locale\" content=\"fr_FR\" \/>\n<meta property=\"og:type\" content=\"article\" \/>\n<meta property=\"og:title\" content=\"Capillaires fret : une r\u00e9novation indispensable aux flux agricoles en Champagne - Rail Avenir\" \/>\n<meta property=\"og:description\" content=\"Les coop\u00e9ratives agricoles t\u00e9moignent de leur implication pour p\u00e9renniser les lignes ferroviaires fret Coolus-Luy\u00e8res et Oiry-Esternay. Leur maintien a \u00e9t\u00e9\" \/>\n<meta property=\"og:url\" content=\"https:\/\/www.railavenir.com\/index.php\/2025\/02\/04\/capillaires-fret-une-renovation-indispensable-aux-flux-agricoles-en-champagne\/\" \/>\n<meta property=\"og:site_name\" content=\"Rail Avenir\" \/>\n<meta property=\"article:published_time\" content=\"2025-02-04T10:41:30+00:00\" \/>\n<meta property=\"article:modified_time\" content=\"2025-02-04T10:41:31+00:00\" \/>\n<meta property=\"og:image\" content=\"https:\/\/www.railavenir.com\/wp-content\/uploads\/2025\/02\/couv-forum-Rail-Avenir.png\" \/>\n\t<meta property=\"og:image:width\" content=\"700\" \/>\n\t<meta property=\"og:image:height\" content=\"300\" \/>\n\t<meta property=\"og:image:type\" content=\"image\/png\" \/>\n<meta name=\"author\" content=\"Art &amp; Graf&#039; Agence de communication\" \/>\n<meta name=\"twitter:card\" content=\"summary_large_image\" \/>\n<meta name=\"twitter:label1\" content=\"\u00c9crit par\" \/>\n\t<meta name=\"twitter:data1\" content=\"Art &amp; Graf&#039; Agence de communication\" \/>\n\t<meta name=\"twitter:label2\" content=\"Dur\u00e9e de lecture estim\u00e9e\" \/>\n\t<meta name=\"twitter:data2\" content=\"7 minutes\" \/>\n<script type=\"application\/ld+json\" class=\"yoast-schema-graph\">{\"@context\":\"https:\/\/schema.org\",\"@graph\":[{\"@type\":\"Article\",\"@id\":\"https:\/\/www.railavenir.com\/index.php\/2025\/02\/04\/capillaires-fret-une-renovation-indispensable-aux-flux-agricoles-en-champagne\/#article\",\"isPartOf\":{\"@id\":\"https:\/\/www.railavenir.com\/index.php\/2025\/02\/04\/capillaires-fret-une-renovation-indispensable-aux-flux-agricoles-en-champagne\/\"},\"author\":{\"name\":\"Art &amp; Graf' Agence de communication\",\"@id\":\"https:\/\/www.railavenir.com\/#\/schema\/person\/5bb29cccfffca7d9a13cb10f9ed9c67f\"},\"headline\":\"Capillaires fret : une r\u00e9novation indispensable aux flux agricoles en Champagne\",\"datePublished\":\"2025-02-04T10:41:30+00:00\",\"dateModified\":\"2025-02-04T10:41:31+00:00\",\"mainEntityOfPage\":{\"@id\":\"https:\/\/www.railavenir.com\/index.php\/2025\/02\/04\/capillaires-fret-une-renovation-indispensable-aux-flux-agricoles-en-champagne\/\"},\"wordCount\":1462,\"publisher\":{\"@id\":\"https:\/\/www.railavenir.com\/#organization\"},\"image\":{\"@id\":\"https:\/\/www.railavenir.com\/index.php\/2025\/02\/04\/capillaires-fret-une-renovation-indispensable-aux-flux-agricoles-en-champagne\/#primaryimage\"},\"thumbnailUrl\":\"https:\/\/www.railavenir.com\/wp-content\/uploads\/2025\/02\/couv-forum-Rail-Avenir.png\",\"articleSection\":[\"Actu' chaudes et pol\u00e9miques\",\"Ils en parlent\",\"Le r\u00e9seau ferroviaire\"],\"inLanguage\":\"fr-FR\"},{\"@type\":\"WebPage\",\"@id\":\"https:\/\/www.railavenir.com\/index.php\/2025\/02\/04\/capillaires-fret-une-renovation-indispensable-aux-flux-agricoles-en-champagne\/\",\"url\":\"https:\/\/www.railavenir.com\/index.php\/2025\/02\/04\/capillaires-fret-une-renovation-indispensable-aux-flux-agricoles-en-champagne\/\",\"name\":\"Capillaires fret : une r\u00e9novation indispensable aux flux agricoles en Champagne - Rail Avenir\",\"isPartOf\":{\"@id\":\"https:\/\/www.railavenir.com\/#website\"},\"primaryImageOfPage\":{\"@id\":\"https:\/\/www.railavenir.com\/index.php\/2025\/02\/04\/capillaires-fret-une-renovation-indispensable-aux-flux-agricoles-en-champagne\/#primaryimage\"},\"image\":{\"@id\":\"https:\/\/www.railavenir.com\/index.php\/2025\/02\/04\/capillaires-fret-une-renovation-indispensable-aux-flux-agricoles-en-champagne\/#primaryimage\"},\"thumbnailUrl\":\"https:\/\/www.railavenir.com\/wp-content\/uploads\/2025\/02\/couv-forum-Rail-Avenir.png\",\"datePublished\":\"2025-02-04T10:41:30+00:00\",\"dateModified\":\"2025-02-04T10:41:31+00:00\",\"breadcrumb\":{\"@id\":\"https:\/\/www.railavenir.com\/index.php\/2025\/02\/04\/capillaires-fret-une-renovation-indispensable-aux-flux-agricoles-en-champagne\/#breadcrumb\"},\"inLanguage\":\"fr-FR\",\"potentialAction\":[{\"@type\":\"ReadAction\",\"target\":[\"https:\/\/www.railavenir.com\/index.php\/2025\/02\/04\/capillaires-fret-une-renovation-indispensable-aux-flux-agricoles-en-champagne\/\"]}]},{\"@type\":\"ImageObject\",\"inLanguage\":\"fr-FR\",\"@id\":\"https:\/\/www.railavenir.com\/index.php\/2025\/02\/04\/capillaires-fret-une-renovation-indispensable-aux-flux-agricoles-en-champagne\/#primaryimage\",\"url\":\"https:\/\/www.railavenir.com\/wp-content\/uploads\/2025\/02\/couv-forum-Rail-Avenir.png\",\"contentUrl\":\"https:\/\/www.railavenir.com\/wp-content\/uploads\/2025\/02\/couv-forum-Rail-Avenir.png\",\"width\":700,\"height\":300},{\"@type\":\"BreadcrumbList\",\"@id\":\"https:\/\/www.railavenir.com\/index.php\/2025\/02\/04\/capillaires-fret-une-renovation-indispensable-aux-flux-agricoles-en-champagne\/#breadcrumb\",\"itemListElement\":[{\"@type\":\"ListItem\",\"position\":1,\"name\":\"Accueil\",\"item\":\"https:\/\/www.railavenir.com\/\"},{\"@type\":\"ListItem\",\"position\":2,\"name\":\"Capillaires fret : une r\u00e9novation indispensable aux flux agricoles en Champagne\"}]},{\"@type\":\"WebSite\",\"@id\":\"https:\/\/www.railavenir.com\/#website\",\"url\":\"https:\/\/www.railavenir.com\/\",\"name\":\"Rail Avenir\",\"description\":\"Association Rail Avenir\",\"publisher\":{\"@id\":\"https:\/\/www.railavenir.com\/#organization\"},\"potentialAction\":[{\"@type\":\"SearchAction\",\"target\":{\"@type\":\"EntryPoint\",\"urlTemplate\":\"https:\/\/www.railavenir.com\/?s={search_term_string}\"},\"query-input\":{\"@type\":\"PropertyValueSpecification\",\"valueRequired\":true,\"valueName\":\"search_term_string\"}}],\"inLanguage\":\"fr-FR\"},{\"@type\":\"Organization\",\"@id\":\"https:\/\/www.railavenir.com\/#organization\",\"name\":\"Rail Avenir\",\"url\":\"https:\/\/www.railavenir.com\/\",\"logo\":{\"@type\":\"ImageObject\",\"inLanguage\":\"fr-FR\",\"@id\":\"https:\/\/www.railavenir.com\/#\/schema\/logo\/image\/\",\"url\":\"https:\/\/www.railavenir.com\/wp-content\/uploads\/2021\/02\/cropped-Logo-officiel-Rail-Avenir.png\",\"contentUrl\":\"https:\/\/www.railavenir.com\/wp-content\/uploads\/2021\/02\/cropped-Logo-officiel-Rail-Avenir.png\",\"width\":150,\"height\":150,\"caption\":\"Rail Avenir\"},\"image\":{\"@id\":\"https:\/\/www.railavenir.com\/#\/schema\/logo\/image\/\"}},{\"@type\":\"Person\",\"@id\":\"https:\/\/www.railavenir.com\/#\/schema\/person\/5bb29cccfffca7d9a13cb10f9ed9c67f\",\"name\":\"Art &amp; Graf' Agence de communication\",\"url\":\"https:\/\/www.railavenir.com\/index.php\/author\/admin8043\/\"}]}<\/script>\n<!-- \/ Yoast SEO plugin. -->","yoast_head_json":{"title":"Capillaires fret : une r\u00e9novation indispensable aux flux agricoles en Champagne - Rail Avenir","robots":{"index":"index","follow":"follow","max-snippet":"max-snippet:-1","max-image-preview":"max-image-preview:large","max-video-preview":"max-video-preview:-1"},"canonical":"https:\/\/www.railavenir.com\/index.php\/2025\/02\/04\/capillaires-fret-une-renovation-indispensable-aux-flux-agricoles-en-champagne\/","og_locale":"fr_FR","og_type":"article","og_title":"Capillaires fret : une r\u00e9novation indispensable aux flux agricoles en Champagne - Rail Avenir","og_description":"Les coop\u00e9ratives agricoles t\u00e9moignent de leur implication pour p\u00e9renniser les lignes ferroviaires fret Coolus-Luy\u00e8res et Oiry-Esternay. Leur maintien a \u00e9t\u00e9","og_url":"https:\/\/www.railavenir.com\/index.php\/2025\/02\/04\/capillaires-fret-une-renovation-indispensable-aux-flux-agricoles-en-champagne\/","og_site_name":"Rail Avenir","article_published_time":"2025-02-04T10:41:30+00:00","article_modified_time":"2025-02-04T10:41:31+00:00","og_image":[{"width":700,"height":300,"url":"https:\/\/www.railavenir.com\/wp-content\/uploads\/2025\/02\/couv-forum-Rail-Avenir.png","type":"image\/png"}],"author":"Art &amp; Graf' Agence de communication","twitter_card":"summary_large_image","twitter_misc":{"\u00c9crit par":"Art &amp; Graf' Agence de communication","Dur\u00e9e de lecture estim\u00e9e":"7 minutes"},"schema":{"@context":"https:\/\/schema.org","@graph":[{"@type":"Article","@id":"https:\/\/www.railavenir.com\/index.php\/2025\/02\/04\/capillaires-fret-une-renovation-indispensable-aux-flux-agricoles-en-champagne\/#article","isPartOf":{"@id":"https:\/\/www.railavenir.com\/index.php\/2025\/02\/04\/capillaires-fret-une-renovation-indispensable-aux-flux-agricoles-en-champagne\/"},"author":{"name":"Art &amp; Graf' Agence de communication","@id":"https:\/\/www.railavenir.com\/#\/schema\/person\/5bb29cccfffca7d9a13cb10f9ed9c67f"},"headline":"Capillaires fret : une r\u00e9novation indispensable aux flux agricoles en Champagne","datePublished":"2025-02-04T10:41:30+00:00","dateModified":"2025-02-04T10:41:31+00:00","mainEntityOfPage":{"@id":"https:\/\/www.railavenir.com\/index.php\/2025\/02\/04\/capillaires-fret-une-renovation-indispensable-aux-flux-agricoles-en-champagne\/"},"wordCount":1462,"publisher":{"@id":"https:\/\/www.railavenir.com\/#organization"},"image":{"@id":"https:\/\/www.railavenir.com\/index.php\/2025\/02\/04\/capillaires-fret-une-renovation-indispensable-aux-flux-agricoles-en-champagne\/#primaryimage"},"thumbnailUrl":"https:\/\/www.railavenir.com\/wp-content\/uploads\/2025\/02\/couv-forum-Rail-Avenir.png","articleSection":["Actu' chaudes et pol\u00e9miques","Ils en parlent","Le r\u00e9seau ferroviaire"],"inLanguage":"fr-FR"},{"@type":"WebPage","@id":"https:\/\/www.railavenir.com\/index.php\/2025\/02\/04\/capillaires-fret-une-renovation-indispensable-aux-flux-agricoles-en-champagne\/","url":"https:\/\/www.railavenir.com\/index.php\/2025\/02\/04\/capillaires-fret-une-renovation-indispensable-aux-flux-agricoles-en-champagne\/","name":"Capillaires fret : une r\u00e9novation indispensable aux flux agricoles en Champagne - Rail Avenir","isPartOf":{"@id":"https:\/\/www.railavenir.com\/#website"},"primaryImageOfPage":{"@id":"https:\/\/www.railavenir.com\/index.php\/2025\/02\/04\/capillaires-fret-une-renovation-indispensable-aux-flux-agricoles-en-champagne\/#primaryimage"},"image":{"@id":"https:\/\/www.railavenir.com\/index.php\/2025\/02\/04\/capillaires-fret-une-renovation-indispensable-aux-flux-agricoles-en-champagne\/#primaryimage"},"thumbnailUrl":"https:\/\/www.railavenir.com\/wp-content\/uploads\/2025\/02\/couv-forum-Rail-Avenir.png","datePublished":"2025-02-04T10:41:30+00:00","dateModified":"2025-02-04T10:41:31+00:00","breadcrumb":{"@id":"https:\/\/www.railavenir.com\/index.php\/2025\/02\/04\/capillaires-fret-une-renovation-indispensable-aux-flux-agricoles-en-champagne\/#breadcrumb"},"inLanguage":"fr-FR","potentialAction":[{"@type":"ReadAction","target":["https:\/\/www.railavenir.com\/index.php\/2025\/02\/04\/capillaires-fret-une-renovation-indispensable-aux-flux-agricoles-en-champagne\/"]}]},{"@type":"ImageObject","inLanguage":"fr-FR","@id":"https:\/\/www.railavenir.com\/index.php\/2025\/02\/04\/capillaires-fret-une-renovation-indispensable-aux-flux-agricoles-en-champagne\/#primaryimage","url":"https:\/\/www.railavenir.com\/wp-content\/uploads\/2025\/02\/couv-forum-Rail-Avenir.png","contentUrl":"https:\/\/www.railavenir.com\/wp-content\/uploads\/2025\/02\/couv-forum-Rail-Avenir.png","width":700,"height":300},{"@type":"BreadcrumbList","@id":"https:\/\/www.railavenir.com\/index.php\/2025\/02\/04\/capillaires-fret-une-renovation-indispensable-aux-flux-agricoles-en-champagne\/#breadcrumb","itemListElement":[{"@type":"ListItem","position":1,"name":"Accueil","item":"https:\/\/www.railavenir.com\/"},{"@type":"ListItem","position":2,"name":"Capillaires fret : une r\u00e9novation indispensable aux flux agricoles en Champagne"}]},{"@type":"WebSite","@id":"https:\/\/www.railavenir.com\/#website","url":"https:\/\/www.railavenir.com\/","name":"Rail Avenir","description":"Association Rail Avenir","publisher":{"@id":"https:\/\/www.railavenir.com\/#organization"},"potentialAction":[{"@type":"SearchAction","target":{"@type":"EntryPoint","urlTemplate":"https:\/\/www.railavenir.com\/?s={search_term_string}"},"query-input":{"@type":"PropertyValueSpecification","valueRequired":true,"valueName":"search_term_string"}}],"inLanguage":"fr-FR"},{"@type":"Organization","@id":"https:\/\/www.railavenir.com\/#organization","name":"Rail Avenir","url":"https:\/\/www.railavenir.com\/","logo":{"@type":"ImageObject","inLanguage":"fr-FR","@id":"https:\/\/www.railavenir.com\/#\/schema\/logo\/image\/","url":"https:\/\/www.railavenir.com\/wp-content\/uploads\/2021\/02\/cropped-Logo-officiel-Rail-Avenir.png","contentUrl":"https:\/\/www.railavenir.com\/wp-content\/uploads\/2021\/02\/cropped-Logo-officiel-Rail-Avenir.png","width":150,"height":150,"caption":"Rail Avenir"},"image":{"@id":"https:\/\/www.railavenir.com\/#\/schema\/logo\/image\/"}},{"@type":"Person","@id":"https:\/\/www.railavenir.com\/#\/schema\/person\/5bb29cccfffca7d9a13cb10f9ed9c67f","name":"Art &amp; Graf' Agence de communication","url":"https:\/\/www.railavenir.com\/index.php\/author\/admin8043\/"}]}},"_links":{"self":[{"href":"https:\/\/www.railavenir.com\/index.php\/wp-json\/wp\/v2\/posts\/1060","targetHints":{"allow":["GET"]}}],"collection":[{"href":"https:\/\/www.railavenir.com\/index.php\/wp-json\/wp\/v2\/posts"}],"about":[{"href":"https:\/\/www.railavenir.com\/index.php\/wp-json\/wp\/v2\/types\/post"}],"author":[{"embeddable":true,"href":"https:\/\/www.railavenir.com\/index.php\/wp-json\/wp\/v2\/users\/1"}],"replies":[{"embeddable":true,"href":"https:\/\/www.railavenir.com\/index.php\/wp-json\/wp\/v2\/comments?post=1060"}],"version-history":[{"count":1,"href":"https:\/\/www.railavenir.com\/index.php\/wp-json\/wp\/v2\/posts\/1060\/revisions"}],"predecessor-version":[{"id":1062,"href":"https:\/\/www.railavenir.com\/index.php\/wp-json\/wp\/v2\/posts\/1060\/revisions\/1062"}],"wp:featuredmedia":[{"embeddable":true,"href":"https:\/\/www.railavenir.com\/index.php\/wp-json\/wp\/v2\/media\/1061"}],"wp:attachment":[{"href":"https:\/\/www.railavenir.com\/index.php\/wp-json\/wp\/v2\/media?parent=1060"}],"wp:term":[{"taxonomy":"category","embeddable":true,"href":"https:\/\/www.railavenir.com\/index.php\/wp-json\/wp\/v2\/categories?post=1060"},{"taxonomy":"post_tag","embeddable":true,"href":"https:\/\/www.railavenir.com\/index.php\/wp-json\/wp\/v2\/tags?post=1060"}],"curies":[{"name":"wp","href":"https:\/\/api.w.org\/{rel}","templated":true}]}}