{"id":912,"date":"2021-05-03T12:09:50","date_gmt":"2021-05-03T10:09:50","guid":{"rendered":"https:\/\/www.railavenir.com\/?p=912"},"modified":"2021-06-19T12:39:01","modified_gmt":"2021-06-19T10:39:01","slug":"pour-la-petite-histoire-un-evenement-ferroviaire-qui-ne-pourrait-plus-etre-vecu-aujourdhui","status":"publish","type":"post","link":"https:\/\/www.railavenir.com\/index.php\/2021\/05\/03\/pour-la-petite-histoire-un-evenement-ferroviaire-qui-ne-pourrait-plus-etre-vecu-aujourdhui\/","title":{"rendered":"Pour la petite histoire: un \u00e9v\u00e9nement ferroviaire qui ne pourrait plus \u00eatre v\u00e9cu aujourd&rsquo;hui!"},"content":{"rendered":"\n<p>En f\u00e9vrier 1988, je prenais deux fois dans la semaine le train de 23h 23, Paris &#8211; Nancy par la Ligne 1 (\u00e9lectrifi\u00e9e), avec premier arr\u00eat \u00e0 Ch\u00e2lons en Champagne.<\/p>\n\n\n\n<figure class=\"wp-block-image size-large\"><img loading=\"lazy\" decoding=\"async\" width=\"1024\" height=\"685\" src=\"https:\/\/www.railavenir.com\/wp-content\/uploads\/2021\/05\/DSC_0349-1024x685.jpg\" alt=\"\" class=\"wp-image-914\" srcset=\"https:\/\/www.railavenir.com\/wp-content\/uploads\/2021\/05\/DSC_0349-1024x685.jpg 1024w, https:\/\/www.railavenir.com\/wp-content\/uploads\/2021\/05\/DSC_0349-300x201.jpg 300w, https:\/\/www.railavenir.com\/wp-content\/uploads\/2021\/05\/DSC_0349-768x514.jpg 768w, https:\/\/www.railavenir.com\/wp-content\/uploads\/2021\/05\/DSC_0349-1536x1027.jpg 1536w, https:\/\/www.railavenir.com\/wp-content\/uploads\/2021\/05\/DSC_0349-2048x1370.jpg 2048w\" sizes=\"auto, (max-width: 1024px) 100vw, 1024px\" \/><\/figure>\n\n\n\n<p>Ce soir l\u00e0, un accident bloquait les voies en gare de Meaux, le train ne pouvait pas partir!<\/p>\n\n\n\n<p>Apr\u00e8s une 1\/2 heure de retard, le r\u00e9gulateur d\u00e9cide de remplacer la locomotive par une CC 72000 (donc diesel) et le train prend la direction de Troyes par la Ligne 4. Arr\u00eat en gare de Troyes et ensuite&#8230; le train \u00ab\u00a0remonte\u00a0\u00bb vers Vitry-le-Fran\u00e7ois en empruntant la petite ligne (\u00e0 voie unique) par Brienne-le-Ch\u00e2teau. En arrivant \u00e0 Vitry un \u00ab\u00a0Picasso\u00a0\u00bb attendait les voyageurs pour les amener \u00e0 Ch\u00e2lons, pendant que le train poursuivait vers Nancy&#8230;<\/p>\n\n\n\n<p>Donc, en r\u00e9sum\u00e9, m\u00eame apr\u00e8s 1h 30 de retard, j&rsquo;arrivais \u00e0 Ch\u00e2lons&#8230; Magnifique!&#8230;<\/p>\n\n\n\n<p>Aujourd&rsquo;hui cette proc\u00e9dure ne pourrait plus se mettre en place. Assur\u00e9ment, je me retrouverais dans un bus, de plus avec 3 ou 4h de retard!&#8230; Pourquoi?<\/p>\n\n\n\n<ol class=\"wp-block-list\"><li>Pour des probl\u00e8mes de conducteurs, de r\u00e8gles, et de mat\u00e9riels!&#8230;<\/li><li>Surtout, la ligne par Brienne, m\u00eame si elle est encore ouverte (miracle), elle est r\u00e9serv\u00e9e au fret et les trains voyageurs ne peuvent plus l&#8217;emprunter!&#8230;<\/li><\/ol>\n\n\n\n<p>C&rsquo;est juste une petite histoire, peut-\u00eatre anecdotique, mais associ\u00e9e \u00e0 bien d&rsquo;autres, montre que la SNCF n&rsquo;est plus ce qu&rsquo;elle \u00e9tait!&#8230; <\/p>\n\n\n\n<p><strong>En fait, elle a fait le choix du \u00ab\u00a0tout bus\u00a0\u00bb sit\u00f4t qu&rsquo;un probl\u00e8me se pr\u00e9sente (accidents, travaux, suppression de lignes, etc&#8230;)&#8230; Non seulement les usagers ne sont plus attir\u00e9s par le train, mais la SNCF les fait fuir, alors que les discours sur l&rsquo;\u00e9cologie, les \u00e9conomies d&rsquo;\u00e9nergie et les al\u00e9as routiers fleurissent<\/strong>!&#8230;<\/p>\n","protected":false},"excerpt":{"rendered":"<p>En f\u00e9vrier 1988, je prenais deux fois dans la semaine le train de 23h 23, Paris &#8211; Nancy par la<\/p>\n","protected":false},"author":4,"featured_media":948,"comment_status":"open","ping_status":"open","sticky":false,"template":"","format":"chat","meta":{"footnotes":""},"categories":[1,10,3,7,18],"tags":[],"class_list":["post-912","post","type-post","status-publish","format-chat","has-post-thumbnail","hentry","category-actu-chaudes","category-la-sncf","category-lessentiel","category-en-argonne","category-transports-collectifs","post_format-post-format-chat"],"aioseo_notices":[],"yoast_head":"<!-- This site is optimized with the Yoast SEO plugin v24.8.1 - https:\/\/yoast.com\/wordpress\/plugins\/seo\/ -->\n<title>Pour la petite histoire: un \u00e9v\u00e9nement ferroviaire qui ne pourrait plus \u00eatre v\u00e9cu aujourd&#039;hui! - Rail Avenir<\/title>\n<meta name=\"robots\" content=\"index, follow, max-snippet:-1, max-image-preview:large, max-video-preview:-1\" \/>\n<link rel=\"canonical\" href=\"https:\/\/www.railavenir.com\/index.php\/2021\/05\/03\/pour-la-petite-histoire-un-evenement-ferroviaire-qui-ne-pourrait-plus-etre-vecu-aujourdhui\/\" \/>\n<meta property=\"og:locale\" content=\"fr_FR\" \/>\n<meta property=\"og:type\" content=\"article\" \/>\n<meta property=\"og:title\" content=\"Pour la petite histoire: un \u00e9v\u00e9nement ferroviaire qui ne pourrait plus \u00eatre v\u00e9cu aujourd&#039;hui! - Rail Avenir\" \/>\n<meta property=\"og:description\" content=\"En f\u00e9vrier 1988, je prenais deux fois dans la semaine le train de 23h 23, Paris &#8211; Nancy par la\" \/>\n<meta property=\"og:url\" content=\"https:\/\/www.railavenir.com\/index.php\/2021\/05\/03\/pour-la-petite-histoire-un-evenement-ferroviaire-qui-ne-pourrait-plus-etre-vecu-aujourdhui\/\" \/>\n<meta property=\"og:site_name\" content=\"Rail Avenir\" \/>\n<meta property=\"article:published_time\" content=\"2021-05-03T10:09:50+00:00\" \/>\n<meta property=\"article:modified_time\" content=\"2021-06-19T10:39:01+00:00\" \/>\n<meta property=\"og:image\" content=\"https:\/\/www.railavenir.com\/wp-content\/uploads\/2021\/05\/couv-forum-RA.png\" \/>\n\t<meta property=\"og:image:width\" content=\"700\" \/>\n\t<meta property=\"og:image:height\" content=\"300\" \/>\n\t<meta property=\"og:image:type\" content=\"image\/png\" \/>\n<meta name=\"author\" content=\"Roland Rouy\u00e8re\" \/>\n<meta name=\"twitter:card\" content=\"summary_large_image\" \/>\n<meta name=\"twitter:label1\" content=\"\u00c9crit par\" \/>\n\t<meta name=\"twitter:data1\" content=\"Roland Rouy\u00e8re\" \/>\n\t<meta name=\"twitter:label2\" content=\"Dur\u00e9e de lecture estim\u00e9e\" \/>\n\t<meta name=\"twitter:data2\" content=\"2 minutes\" \/>\n<script type=\"application\/ld+json\" class=\"yoast-schema-graph\">{\"@context\":\"https:\/\/schema.org\",\"@graph\":[{\"@type\":\"Article\",\"@id\":\"https:\/\/www.railavenir.com\/index.php\/2021\/05\/03\/pour-la-petite-histoire-un-evenement-ferroviaire-qui-ne-pourrait-plus-etre-vecu-aujourdhui\/#article\",\"isPartOf\":{\"@id\":\"https:\/\/www.railavenir.com\/index.php\/2021\/05\/03\/pour-la-petite-histoire-un-evenement-ferroviaire-qui-ne-pourrait-plus-etre-vecu-aujourdhui\/\"},\"author\":{\"name\":\"Roland Rouy\u00e8re\",\"@id\":\"https:\/\/www.railavenir.com\/#\/schema\/person\/3e505116ccef1983603f9d0701954c47\"},\"headline\":\"Pour la petite histoire: un \u00e9v\u00e9nement ferroviaire qui ne pourrait plus \u00eatre v\u00e9cu aujourd&rsquo;hui!\",\"datePublished\":\"2021-05-03T10:09:50+00:00\",\"dateModified\":\"2021-06-19T10:39:01+00:00\",\"mainEntityOfPage\":{\"@id\":\"https:\/\/www.railavenir.com\/index.php\/2021\/05\/03\/pour-la-petite-histoire-un-evenement-ferroviaire-qui-ne-pourrait-plus-etre-vecu-aujourdhui\/\"},\"wordCount\":303,\"commentCount\":0,\"publisher\":{\"@id\":\"https:\/\/www.railavenir.com\/#organization\"},\"image\":{\"@id\":\"https:\/\/www.railavenir.com\/index.php\/2021\/05\/03\/pour-la-petite-histoire-un-evenement-ferroviaire-qui-ne-pourrait-plus-etre-vecu-aujourdhui\/#primaryimage\"},\"thumbnailUrl\":\"https:\/\/www.railavenir.com\/wp-content\/uploads\/2021\/05\/couv-forum-RA.png\",\"articleSection\":[\"Actu' chaudes et pol\u00e9miques\",\"Le r\u00e9seau ferroviaire\",\"Notre forum\",\"Sur nos Territoires\",\"Transports collectifs\"],\"inLanguage\":\"fr-FR\",\"potentialAction\":[{\"@type\":\"CommentAction\",\"name\":\"Comment\",\"target\":[\"https:\/\/www.railavenir.com\/index.php\/2021\/05\/03\/pour-la-petite-histoire-un-evenement-ferroviaire-qui-ne-pourrait-plus-etre-vecu-aujourdhui\/#respond\"]}]},{\"@type\":\"WebPage\",\"@id\":\"https:\/\/www.railavenir.com\/index.php\/2021\/05\/03\/pour-la-petite-histoire-un-evenement-ferroviaire-qui-ne-pourrait-plus-etre-vecu-aujourdhui\/\",\"url\":\"https:\/\/www.railavenir.com\/index.php\/2021\/05\/03\/pour-la-petite-histoire-un-evenement-ferroviaire-qui-ne-pourrait-plus-etre-vecu-aujourdhui\/\",\"name\":\"Pour la petite histoire: un \u00e9v\u00e9nement ferroviaire qui ne pourrait plus \u00eatre v\u00e9cu aujourd'hui! - Rail Avenir\",\"isPartOf\":{\"@id\":\"https:\/\/www.railavenir.com\/#website\"},\"primaryImageOfPage\":{\"@id\":\"https:\/\/www.railavenir.com\/index.php\/2021\/05\/03\/pour-la-petite-histoire-un-evenement-ferroviaire-qui-ne-pourrait-plus-etre-vecu-aujourdhui\/#primaryimage\"},\"image\":{\"@id\":\"https:\/\/www.railavenir.com\/index.php\/2021\/05\/03\/pour-la-petite-histoire-un-evenement-ferroviaire-qui-ne-pourrait-plus-etre-vecu-aujourdhui\/#primaryimage\"},\"thumbnailUrl\":\"https:\/\/www.railavenir.com\/wp-content\/uploads\/2021\/05\/couv-forum-RA.png\",\"datePublished\":\"2021-05-03T10:09:50+00:00\",\"dateModified\":\"2021-06-19T10:39:01+00:00\",\"breadcrumb\":{\"@id\":\"https:\/\/www.railavenir.com\/index.php\/2021\/05\/03\/pour-la-petite-histoire-un-evenement-ferroviaire-qui-ne-pourrait-plus-etre-vecu-aujourdhui\/#breadcrumb\"},\"inLanguage\":\"fr-FR\",\"potentialAction\":[{\"@type\":\"ReadAction\",\"target\":[\"https:\/\/www.railavenir.com\/index.php\/2021\/05\/03\/pour-la-petite-histoire-un-evenement-ferroviaire-qui-ne-pourrait-plus-etre-vecu-aujourdhui\/\"]}]},{\"@type\":\"ImageObject\",\"inLanguage\":\"fr-FR\",\"@id\":\"https:\/\/www.railavenir.com\/index.php\/2021\/05\/03\/pour-la-petite-histoire-un-evenement-ferroviaire-qui-ne-pourrait-plus-etre-vecu-aujourdhui\/#primaryimage\",\"url\":\"https:\/\/www.railavenir.com\/wp-content\/uploads\/2021\/05\/couv-forum-RA.png\",\"contentUrl\":\"https:\/\/www.railavenir.com\/wp-content\/uploads\/2021\/05\/couv-forum-RA.png\",\"width\":700,\"height\":300},{\"@type\":\"BreadcrumbList\",\"@id\":\"https:\/\/www.railavenir.com\/index.php\/2021\/05\/03\/pour-la-petite-histoire-un-evenement-ferroviaire-qui-ne-pourrait-plus-etre-vecu-aujourdhui\/#breadcrumb\",\"itemListElement\":[{\"@type\":\"ListItem\",\"position\":1,\"name\":\"Accueil\",\"item\":\"https:\/\/www.railavenir.com\/\"},{\"@type\":\"ListItem\",\"position\":2,\"name\":\"Pour la petite histoire: un \u00e9v\u00e9nement ferroviaire qui ne pourrait plus \u00eatre v\u00e9cu aujourd&rsquo;hui!\"}]},{\"@type\":\"WebSite\",\"@id\":\"https:\/\/www.railavenir.com\/#website\",\"url\":\"https:\/\/www.railavenir.com\/\",\"name\":\"Rail Avenir\",\"description\":\"Association Rail Avenir\",\"publisher\":{\"@id\":\"https:\/\/www.railavenir.com\/#organization\"},\"potentialAction\":[{\"@type\":\"SearchAction\",\"target\":{\"@type\":\"EntryPoint\",\"urlTemplate\":\"https:\/\/www.railavenir.com\/?s={search_term_string}\"},\"query-input\":{\"@type\":\"PropertyValueSpecification\",\"valueRequired\":true,\"valueName\":\"search_term_string\"}}],\"inLanguage\":\"fr-FR\"},{\"@type\":\"Organization\",\"@id\":\"https:\/\/www.railavenir.com\/#organization\",\"name\":\"Rail Avenir\",\"url\":\"https:\/\/www.railavenir.com\/\",\"logo\":{\"@type\":\"ImageObject\",\"inLanguage\":\"fr-FR\",\"@id\":\"https:\/\/www.railavenir.com\/#\/schema\/logo\/image\/\",\"url\":\"https:\/\/www.railavenir.com\/wp-content\/uploads\/2021\/02\/cropped-Logo-officiel-Rail-Avenir.png\",\"contentUrl\":\"https:\/\/www.railavenir.com\/wp-content\/uploads\/2021\/02\/cropped-Logo-officiel-Rail-Avenir.png\",\"width\":150,\"height\":150,\"caption\":\"Rail Avenir\"},\"image\":{\"@id\":\"https:\/\/www.railavenir.com\/#\/schema\/logo\/image\/\"}},{\"@type\":\"Person\",\"@id\":\"https:\/\/www.railavenir.com\/#\/schema\/person\/3e505116ccef1983603f9d0701954c47\",\"name\":\"Roland Rouy\u00e8re\",\"url\":\"https:\/\/www.railavenir.com\/index.php\/author\/admin8046\/\"}]}<\/script>\n<!-- \/ Yoast SEO plugin. -->","yoast_head_json":{"title":"Pour la petite histoire: un \u00e9v\u00e9nement ferroviaire qui ne pourrait plus \u00eatre v\u00e9cu aujourd'hui! - Rail Avenir","robots":{"index":"index","follow":"follow","max-snippet":"max-snippet:-1","max-image-preview":"max-image-preview:large","max-video-preview":"max-video-preview:-1"},"canonical":"https:\/\/www.railavenir.com\/index.php\/2021\/05\/03\/pour-la-petite-histoire-un-evenement-ferroviaire-qui-ne-pourrait-plus-etre-vecu-aujourdhui\/","og_locale":"fr_FR","og_type":"article","og_title":"Pour la petite histoire: un \u00e9v\u00e9nement ferroviaire qui ne pourrait plus \u00eatre v\u00e9cu aujourd'hui! - Rail Avenir","og_description":"En f\u00e9vrier 1988, je prenais deux fois dans la semaine le train de 23h 23, Paris &#8211; Nancy par la","og_url":"https:\/\/www.railavenir.com\/index.php\/2021\/05\/03\/pour-la-petite-histoire-un-evenement-ferroviaire-qui-ne-pourrait-plus-etre-vecu-aujourdhui\/","og_site_name":"Rail Avenir","article_published_time":"2021-05-03T10:09:50+00:00","article_modified_time":"2021-06-19T10:39:01+00:00","og_image":[{"width":700,"height":300,"url":"https:\/\/www.railavenir.com\/wp-content\/uploads\/2021\/05\/couv-forum-RA.png","type":"image\/png"}],"author":"Roland Rouy\u00e8re","twitter_card":"summary_large_image","twitter_misc":{"\u00c9crit par":"Roland Rouy\u00e8re","Dur\u00e9e de lecture estim\u00e9e":"2 minutes"},"schema":{"@context":"https:\/\/schema.org","@graph":[{"@type":"Article","@id":"https:\/\/www.railavenir.com\/index.php\/2021\/05\/03\/pour-la-petite-histoire-un-evenement-ferroviaire-qui-ne-pourrait-plus-etre-vecu-aujourdhui\/#article","isPartOf":{"@id":"https:\/\/www.railavenir.com\/index.php\/2021\/05\/03\/pour-la-petite-histoire-un-evenement-ferroviaire-qui-ne-pourrait-plus-etre-vecu-aujourdhui\/"},"author":{"name":"Roland Rouy\u00e8re","@id":"https:\/\/www.railavenir.com\/#\/schema\/person\/3e505116ccef1983603f9d0701954c47"},"headline":"Pour la petite histoire: un \u00e9v\u00e9nement ferroviaire qui ne pourrait plus \u00eatre v\u00e9cu aujourd&rsquo;hui!","datePublished":"2021-05-03T10:09:50+00:00","dateModified":"2021-06-19T10:39:01+00:00","mainEntityOfPage":{"@id":"https:\/\/www.railavenir.com\/index.php\/2021\/05\/03\/pour-la-petite-histoire-un-evenement-ferroviaire-qui-ne-pourrait-plus-etre-vecu-aujourdhui\/"},"wordCount":303,"commentCount":0,"publisher":{"@id":"https:\/\/www.railavenir.com\/#organization"},"image":{"@id":"https:\/\/www.railavenir.com\/index.php\/2021\/05\/03\/pour-la-petite-histoire-un-evenement-ferroviaire-qui-ne-pourrait-plus-etre-vecu-aujourdhui\/#primaryimage"},"thumbnailUrl":"https:\/\/www.railavenir.com\/wp-content\/uploads\/2021\/05\/couv-forum-RA.png","articleSection":["Actu' chaudes et pol\u00e9miques","Le r\u00e9seau ferroviaire","Notre forum","Sur nos Territoires","Transports collectifs"],"inLanguage":"fr-FR","potentialAction":[{"@type":"CommentAction","name":"Comment","target":["https:\/\/www.railavenir.com\/index.php\/2021\/05\/03\/pour-la-petite-histoire-un-evenement-ferroviaire-qui-ne-pourrait-plus-etre-vecu-aujourdhui\/#respond"]}]},{"@type":"WebPage","@id":"https:\/\/www.railavenir.com\/index.php\/2021\/05\/03\/pour-la-petite-histoire-un-evenement-ferroviaire-qui-ne-pourrait-plus-etre-vecu-aujourdhui\/","url":"https:\/\/www.railavenir.com\/index.php\/2021\/05\/03\/pour-la-petite-histoire-un-evenement-ferroviaire-qui-ne-pourrait-plus-etre-vecu-aujourdhui\/","name":"Pour la petite histoire: un \u00e9v\u00e9nement ferroviaire qui ne pourrait plus \u00eatre v\u00e9cu aujourd'hui! - Rail Avenir","isPartOf":{"@id":"https:\/\/www.railavenir.com\/#website"},"primaryImageOfPage":{"@id":"https:\/\/www.railavenir.com\/index.php\/2021\/05\/03\/pour-la-petite-histoire-un-evenement-ferroviaire-qui-ne-pourrait-plus-etre-vecu-aujourdhui\/#primaryimage"},"image":{"@id":"https:\/\/www.railavenir.com\/index.php\/2021\/05\/03\/pour-la-petite-histoire-un-evenement-ferroviaire-qui-ne-pourrait-plus-etre-vecu-aujourdhui\/#primaryimage"},"thumbnailUrl":"https:\/\/www.railavenir.com\/wp-content\/uploads\/2021\/05\/couv-forum-RA.png","datePublished":"2021-05-03T10:09:50+00:00","dateModified":"2021-06-19T10:39:01+00:00","breadcrumb":{"@id":"https:\/\/www.railavenir.com\/index.php\/2021\/05\/03\/pour-la-petite-histoire-un-evenement-ferroviaire-qui-ne-pourrait-plus-etre-vecu-aujourdhui\/#breadcrumb"},"inLanguage":"fr-FR","potentialAction":[{"@type":"ReadAction","target":["https:\/\/www.railavenir.com\/index.php\/2021\/05\/03\/pour-la-petite-histoire-un-evenement-ferroviaire-qui-ne-pourrait-plus-etre-vecu-aujourdhui\/"]}]},{"@type":"ImageObject","inLanguage":"fr-FR","@id":"https:\/\/www.railavenir.com\/index.php\/2021\/05\/03\/pour-la-petite-histoire-un-evenement-ferroviaire-qui-ne-pourrait-plus-etre-vecu-aujourdhui\/#primaryimage","url":"https:\/\/www.railavenir.com\/wp-content\/uploads\/2021\/05\/couv-forum-RA.png","contentUrl":"https:\/\/www.railavenir.com\/wp-content\/uploads\/2021\/05\/couv-forum-RA.png","width":700,"height":300},{"@type":"BreadcrumbList","@id":"https:\/\/www.railavenir.com\/index.php\/2021\/05\/03\/pour-la-petite-histoire-un-evenement-ferroviaire-qui-ne-pourrait-plus-etre-vecu-aujourdhui\/#breadcrumb","itemListElement":[{"@type":"ListItem","position":1,"name":"Accueil","item":"https:\/\/www.railavenir.com\/"},{"@type":"ListItem","position":2,"name":"Pour la petite histoire: un \u00e9v\u00e9nement ferroviaire qui ne pourrait plus \u00eatre v\u00e9cu aujourd&rsquo;hui!"}]},{"@type":"WebSite","@id":"https:\/\/www.railavenir.com\/#website","url":"https:\/\/www.railavenir.com\/","name":"Rail Avenir","description":"Association Rail Avenir","publisher":{"@id":"https:\/\/www.railavenir.com\/#organization"},"potentialAction":[{"@type":"SearchAction","target":{"@type":"EntryPoint","urlTemplate":"https:\/\/www.railavenir.com\/?s={search_term_string}"},"query-input":{"@type":"PropertyValueSpecification","valueRequired":true,"valueName":"search_term_string"}}],"inLanguage":"fr-FR"},{"@type":"Organization","@id":"https:\/\/www.railavenir.com\/#organization","name":"Rail Avenir","url":"https:\/\/www.railavenir.com\/","logo":{"@type":"ImageObject","inLanguage":"fr-FR","@id":"https:\/\/www.railavenir.com\/#\/schema\/logo\/image\/","url":"https:\/\/www.railavenir.com\/wp-content\/uploads\/2021\/02\/cropped-Logo-officiel-Rail-Avenir.png","contentUrl":"https:\/\/www.railavenir.com\/wp-content\/uploads\/2021\/02\/cropped-Logo-officiel-Rail-Avenir.png","width":150,"height":150,"caption":"Rail Avenir"},"image":{"@id":"https:\/\/www.railavenir.com\/#\/schema\/logo\/image\/"}},{"@type":"Person","@id":"https:\/\/www.railavenir.com\/#\/schema\/person\/3e505116ccef1983603f9d0701954c47","name":"Roland Rouy\u00e8re","url":"https:\/\/www.railavenir.com\/index.php\/author\/admin8046\/"}]}},"_links":{"self":[{"href":"https:\/\/www.railavenir.com\/index.php\/wp-json\/wp\/v2\/posts\/912","targetHints":{"allow":["GET"]}}],"collection":[{"href":"https:\/\/www.railavenir.com\/index.php\/wp-json\/wp\/v2\/posts"}],"about":[{"href":"https:\/\/www.railavenir.com\/index.php\/wp-json\/wp\/v2\/types\/post"}],"author":[{"embeddable":true,"href":"https:\/\/www.railavenir.com\/index.php\/wp-json\/wp\/v2\/users\/4"}],"replies":[{"embeddable":true,"href":"https:\/\/www.railavenir.com\/index.php\/wp-json\/wp\/v2\/comments?post=912"}],"version-history":[{"count":2,"href":"https:\/\/www.railavenir.com\/index.php\/wp-json\/wp\/v2\/posts\/912\/revisions"}],"predecessor-version":[{"id":916,"href":"https:\/\/www.railavenir.com\/index.php\/wp-json\/wp\/v2\/posts\/912\/revisions\/916"}],"wp:featuredmedia":[{"embeddable":true,"href":"https:\/\/www.railavenir.com\/index.php\/wp-json\/wp\/v2\/media\/948"}],"wp:attachment":[{"href":"https:\/\/www.railavenir.com\/index.php\/wp-json\/wp\/v2\/media?parent=912"}],"wp:term":[{"taxonomy":"category","embeddable":true,"href":"https:\/\/www.railavenir.com\/index.php\/wp-json\/wp\/v2\/categories?post=912"},{"taxonomy":"post_tag","embeddable":true,"href":"https:\/\/www.railavenir.com\/index.php\/wp-json\/wp\/v2\/tags?post=912"}],"curies":[{"name":"wp","href":"https:\/\/api.w.org\/{rel}","templated":true}]}}